{"id":63,"date":"2020-10-17T01:00:53","date_gmt":"2020-10-17T04:00:53","guid":{"rendered":"https:\/\/litcult.net.br\/luizalobo\/?p=63"},"modified":"2022-08-21T17:11:25","modified_gmt":"2022-08-21T20:11:25","slug":"terras-proibidas-a-saga-do-cafe-no-vale-do-paraiba-do-sul","status":"publish","type":"post","link":"https:\/\/litcult.net.br\/luizalobo\/terras-proibidas-a-saga-do-cafe-no-vale-do-paraiba-do-sul\/","title":{"rendered":"Terras proibidas: o vale do caf\u00e9"},"content":{"rendered":"\n<div class=\"wp-block-media-text alignwide is-stacked-on-mobile\"><figure class=\"wp-block-media-text__media\"><img loading=\"lazy\" decoding=\"async\" width=\"400\" height=\"595\" src=\"https:\/\/litcult.net.br\/luizalobo\/wp-content\/uploads\/2022\/08\/terras-proibidas.webp\" alt=\"\" class=\"wp-image-325 size-full\" srcset=\"https:\/\/litcult.net.br\/luizalobo\/wp-content\/uploads\/2022\/08\/terras-proibidas.webp 400w, https:\/\/litcult.net.br\/luizalobo\/wp-content\/uploads\/2022\/08\/terras-proibidas-202x300.webp 202w\" sizes=\"auto, (max-width: 400px) 100vw, 400px\" \/><\/figure><div class=\"wp-block-media-text__content\">\n<p class=\"has-large-font-size\">Detalhes<\/p>\n\n\n\n<figure class=\"wp-block-table\"><table><tbody><tr><td>Dimens\u00f5es<\/td><td>23 x 16 x 2.3<\/td><\/tr><tr><td>Idioma<\/td><td>Portugu\u00eas<\/td><\/tr><tr><td>N\u00famero de p\u00e1ginas<\/td><td>496<\/td><\/tr><tr><td>N\u00famero da edi\u00e7\u00e3o<\/td><td>2\u00aa EDI\u00c7\u00c3O &#8211; 2022<\/td><\/tr><tr><td>Acabamento<\/td><td>BROCHURA<\/td><\/tr><tr><td>Editora<\/td><td>BATEL<\/td><\/tr><tr><td>Subt\u00edtulo<\/td><td>O VALE DO CAF\u00c9<\/td><\/tr><tr><td>Autor para link<\/td><td>LOBO LUIZA<\/td><\/tr><\/tbody><\/table><\/figure>\n<\/div><\/div>\n\n\n\n<p>&nbsp;<\/p>\n","protected":false},"excerpt":{"rendered":"<p>Detalhes Dimens\u00f5es 23 x 16 x 2.3 Idioma Portugu\u00eas N\u00famero de p\u00e1ginas 496 N\u00famero da edi\u00e7\u00e3o 2\u00aa EDI\u00c7\u00c3O &#8211; 2022 Acabamento BROCHURA Editora BATEL Subt\u00edtulo O VALE DO CAF\u00c9 Autor para link LOBO LUIZA &nbsp;<\/p>\n","protected":false},"author":1,"featured_media":325,"comment_status":"open","ping_status":"open","sticky":false,"template":"","format":"standard","meta":{"_uag_custom_page_level_css":"","advgb_blocks_editor_width":"","advgb_blocks_columns_visual_guide":"","_jetpack_memberships_contains_paid_content":false,"footnotes":""},"categories":[20,11],"tags":[],"class_list":["post-63","post","type-post","status-publish","format-standard","has-post-thumbnail","hentry","category-livros-destaques","category-romance"],"featured_image_src":"https:\/\/litcult.net.br\/luizalobo\/wp-content\/uploads\/2022\/08\/terras-proibidas.webp","author_info":{"display_name":"litcult","author_link":"https:\/\/litcult.net.br\/luizalobo\/author\/litcult\/"},"author_meta":{"display_name":"litcult","author_link":"https:\/\/litcult.net.br\/luizalobo\/author\/litcult\/"},"featured_img":"https:\/\/litcult.net.br\/luizalobo\/wp-content\/uploads\/2022\/08\/terras-proibidas-202x300.webp","jetpack_featured_media_url":"https:\/\/litcult.net.br\/luizalobo\/wp-content\/uploads\/2022\/08\/terras-proibidas.webp","uagb_featured_image_src":{"full":["https:\/\/litcult.net.br\/luizalobo\/wp-content\/uploads\/2022\/08\/terras-proibidas.webp",400,595,false],"thumbnail":["https:\/\/litcult.net.br\/luizalobo\/wp-content\/uploads\/2022\/08\/terras-proibidas-150x150.webp",150,150,true],"medium":["https:\/\/litcult.net.br\/luizalobo\/wp-content\/uploads\/2022\/08\/terras-proibidas-202x300.webp",202,300,true],"medium_large":["https:\/\/litcult.net.br\/luizalobo\/wp-content\/uploads\/2022\/08\/terras-proibidas.webp",400,595,false],"large":["https:\/\/litcult.net.br\/luizalobo\/wp-content\/uploads\/2022\/08\/terras-proibidas.webp",400,595,false],"1536x1536":["https:\/\/litcult.net.br\/luizalobo\/wp-content\/uploads\/2022\/08\/terras-proibidas.webp",400,595,false],"2048x2048":["https:\/\/litcult.net.br\/luizalobo\/wp-content\/uploads\/2022\/08\/terras-proibidas.webp",400,595,false],"ultp_layout_landscape_large":["https:\/\/litcult.net.br\/luizalobo\/wp-content\/uploads\/2022\/08\/terras-proibidas.webp",400,595,false],"ultp_layout_landscape":["https:\/\/litcult.net.br\/luizalobo\/wp-content\/uploads\/2022\/08\/terras-proibidas-400x570.webp",400,570,true],"ultp_layout_portrait":["https:\/\/litcult.net.br\/luizalobo\/wp-content\/uploads\/2022\/08\/terras-proibidas.webp",400,595,false],"ultp_layout_square":["https:\/\/litcult.net.br\/luizalobo\/wp-content\/uploads\/2022\/08\/terras-proibidas.webp",400,595,false]},"uagb_author_info":{"display_name":"litcult","author_link":"https:\/\/litcult.net.br\/luizalobo\/author\/litcult\/"},"uagb_comment_info":0,"uagb_excerpt":"Detalhes Dimens\u00f5es 23 x 16 x 2.3 Idioma Portugu\u00eas N\u00famero de p\u00e1ginas 496 N\u00famero da edi\u00e7\u00e3o 2\u00aa EDI\u00c7\u00c3O &#8211; 2022 Acabamento BROCHURA Editora BATEL Subt\u00edtulo O VALE DO CAF\u00c9 Autor para link LOBO LUIZA &nbsp;","coauthors":[],"tax_additional":{"categories":{"linked":["<a href=\"https:\/\/litcult.net.br\/luizalobo\/category\/livros\/livros-destaques\/\" class=\"advgb-post-tax-term\">Livros Destaques<\/a>","<a href=\"https:\/\/litcult.net.br\/luizalobo\/category\/livros\/romance\/\" class=\"advgb-post-tax-term\">ROMANCE<\/a>"],"unlinked":["<span class=\"advgb-post-tax-term\">Livros Destaques<\/span>","<span class=\"advgb-post-tax-term\">ROMANCE<\/span>"]}},"comment_count":"0","relative_dates":{"created":"Publicado 6 anos atr\u00e1s","modified":"Atualizado 4 anos atr\u00e1s"},"absolute_dates":{"created":"Publicado em 17\/10\/2020","modified":"Atualizado em 21\/08\/2022"},"absolute_dates_time":{"created":"Publicado em 17\/10\/2020 01:00","modified":"Atualizado em 21\/08\/2022 17:11"},"featured_img_caption":"","series_order":"","jetpack_sharing_enabled":true,"_links":{"self":[{"href":"https:\/\/litcult.net.br\/luizalobo\/wp-json\/wp\/v2\/posts\/63","targetHints":{"allow":["GET"]}}],"collection":[{"href":"https:\/\/litcult.net.br\/luizalobo\/wp-json\/wp\/v2\/posts"}],"about":[{"href":"https:\/\/litcult.net.br\/luizalobo\/wp-json\/wp\/v2\/types\/post"}],"author":[{"embeddable":true,"href":"https:\/\/litcult.net.br\/luizalobo\/wp-json\/wp\/v2\/users\/1"}],"replies":[{"embeddable":true,"href":"https:\/\/litcult.net.br\/luizalobo\/wp-json\/wp\/v2\/comments?post=63"}],"version-history":[{"count":13,"href":"https:\/\/litcult.net.br\/luizalobo\/wp-json\/wp\/v2\/posts\/63\/revisions"}],"predecessor-version":[{"id":329,"href":"https:\/\/litcult.net.br\/luizalobo\/wp-json\/wp\/v2\/posts\/63\/revisions\/329"}],"wp:featuredmedia":[{"embeddable":true,"href":"https:\/\/litcult.net.br\/luizalobo\/wp-json\/wp\/v2\/media\/325"}],"wp:attachment":[{"href":"https:\/\/litcult.net.br\/luizalobo\/wp-json\/wp\/v2\/media?parent=63"}],"wp:term":[{"taxonomy":"category","embeddable":true,"href":"https:\/\/litcult.net.br\/luizalobo\/wp-json\/wp\/v2\/categories?post=63"},{"taxonomy":"post_tag","embeddable":true,"href":"https:\/\/litcult.net.br\/luizalobo\/wp-json\/wp\/v2\/tags?post=63"}],"curies":[{"name":"wp","href":"https:\/\/api.w.org\/{rel}","templated":true}]}}