{"id":538,"date":"2025-09-30T16:01:54","date_gmt":"2025-09-30T19:01:54","guid":{"rendered":"https:\/\/litcult.net.br\/luizalobo\/?p=538"},"modified":"2025-09-30T21:32:27","modified_gmt":"2025-10-01T00:32:27","slug":"luiza-lobo-e-eleita-presidente-da-ube-rj","status":"publish","type":"post","link":"https:\/\/litcult.net.br\/luizalobo\/luiza-lobo-e-eleita-presidente-da-ube-rj\/","title":{"rendered":"Luiza Lobo \u00e9 eleita presidente da UBE-RJ"},"content":{"rendered":"\n<p><\/p>\n\n\n<div class=\"wp-block-image\">\n<figure class=\"aligncenter size-large\"><img loading=\"lazy\" decoding=\"async\" width=\"1024\" height=\"1024\" src=\"https:\/\/litcult.net.br\/luizalobo\/wp-content\/uploads\/2025\/09\/img-20250930-wa00056463375152543672890-1024x1024.jpg\" alt=\"\" class=\"wp-image-540\" srcset=\"https:\/\/litcult.net.br\/luizalobo\/wp-content\/uploads\/2025\/09\/img-20250930-wa00056463375152543672890-1024x1024.jpg 1024w, https:\/\/litcult.net.br\/luizalobo\/wp-content\/uploads\/2025\/09\/img-20250930-wa00056463375152543672890-300x300.jpg 300w, https:\/\/litcult.net.br\/luizalobo\/wp-content\/uploads\/2025\/09\/img-20250930-wa00056463375152543672890-150x150.jpg 150w, https:\/\/litcult.net.br\/luizalobo\/wp-content\/uploads\/2025\/09\/img-20250930-wa00056463375152543672890-768x768.jpg 768w, https:\/\/litcult.net.br\/luizalobo\/wp-content\/uploads\/2025\/09\/img-20250930-wa00056463375152543672890-600x600.jpg 600w, https:\/\/litcult.net.br\/luizalobo\/wp-content\/uploads\/2025\/09\/img-20250930-wa00056463375152543672890.jpg 1080w\" sizes=\"auto, (max-width: 1024px) 100vw, 1024px\" \/><\/figure><\/div>\n\n\n<p>A Uni\u00e3o Brasileira de Escritores do Rio de Janeiro (UBE-RJ) tem a honra de anunciar o resultado das elei\u00e7\u00f5es realizadas em 29 de setembro. A Chapa Recome\u00e7ando foi a vencedora e conduzir\u00e1 a institui\u00e7\u00e3o no per\u00edodo 2025-2027, sob a presid\u00eancia da escritora, cr\u00edtica liter\u00e1ria e acad\u00eamica Luiza Lobo.<\/p>\n\n\n\n<p>Fundada com o prop\u00f3sito de congregar escritores, jornalistas e intelectuais em defesa da literatura, da cultura e da liberdade de express\u00e3o, a UBE-RJ \u00e9 uma das mais tradicionais entidades culturais do pa\u00eds. Ao longo de sua trajet\u00f3ria, tem promovido debates, encontros, publica\u00e7\u00f5es e projetos que fortalecem a presen\u00e7a da literatura brasileira no cen\u00e1rio nacional e internacional.<\/p>\n\n\n<div class=\"wp-block-image\">\n<figure class=\"aligncenter size-large\"><img loading=\"lazy\" decoding=\"async\" width=\"1024\" height=\"1024\" src=\"https:\/\/litcult.net.br\/luizalobo\/wp-content\/uploads\/2025\/09\/instagram-17592264449023669368547499624917-1024x1024.jpg\" alt=\"\" class=\"wp-image-539\" srcset=\"https:\/\/litcult.net.br\/luizalobo\/wp-content\/uploads\/2025\/09\/instagram-17592264449023669368547499624917-1024x1024.jpg 1024w, https:\/\/litcult.net.br\/luizalobo\/wp-content\/uploads\/2025\/09\/instagram-17592264449023669368547499624917-300x300.jpg 300w, https:\/\/litcult.net.br\/luizalobo\/wp-content\/uploads\/2025\/09\/instagram-17592264449023669368547499624917-150x150.jpg 150w, https:\/\/litcult.net.br\/luizalobo\/wp-content\/uploads\/2025\/09\/instagram-17592264449023669368547499624917-768x768.jpg 768w, https:\/\/litcult.net.br\/luizalobo\/wp-content\/uploads\/2025\/09\/instagram-17592264449023669368547499624917-600x600.jpg 600w, https:\/\/litcult.net.br\/luizalobo\/wp-content\/uploads\/2025\/09\/instagram-17592264449023669368547499624917.jpg 1080w\" sizes=\"auto, (max-width: 1024px) 100vw, 1024px\" \/><\/figure><\/div>\n\n\n<p>A elei\u00e7\u00e3o da Chapa Recome\u00e7ando simboliza um novo ciclo de renova\u00e7\u00e3o e continuidade, reafirmando o compromisso da UBE-RJ com a cultura, a literatura e a valoriza\u00e7\u00e3o da palavra escrita. A escolha de Luiza Lobo para a presid\u00eancia representa o reconhecimento de sua trajet\u00f3ria intelectual e de sua dedica\u00e7\u00e3o \u00e0 cr\u00edtica liter\u00e1ria, \u00e0 pesquisa acad\u00eamica e \u00e0 promo\u00e7\u00e3o da literatura brasileira.<\/p>\n\n\n\n<p>Mat\u00e9ria completa no link: https:\/\/focusportalcultural.blogspot.com\/2025\/09\/ube-rj-anuncia-nova-presidencia-e.html<\/p>\n","protected":false},"excerpt":{"rendered":"<p>A Uni\u00e3o Brasileira de Escritores do Rio de Janeiro (UBE-RJ) tem a honra de anunciar o resultado das elei\u00e7\u00f5es realizadas em 29 de setembro. A Chapa Recome\u00e7ando foi a vencedora e conduzir\u00e1 a institui\u00e7\u00e3o no per\u00edodo 2025-2027, sob a presid\u00eancia da escritora, cr\u00edtica liter\u00e1ria e acad\u00eamica Luiza Lobo. Fundada com o prop\u00f3sito de congregar escritores, [&hellip;]<\/p>\n","protected":false},"author":2,"featured_media":539,"comment_status":"open","ping_status":"open","sticky":false,"template":"","format":"standard","meta":{"_uag_custom_page_level_css":"","advgb_blocks_editor_width":"","advgb_blocks_columns_visual_guide":"","_jetpack_memberships_contains_paid_content":false,"footnotes":""},"categories":[1],"tags":[],"class_list":["post-538","post","type-post","status-publish","format-standard","has-post-thumbnail","hentry","category-noticias"],"featured_image_src":"https:\/\/litcult.net.br\/luizalobo\/wp-content\/uploads\/2025\/09\/instagram-17592264449023669368547499624917.jpg","author_info":{"display_name":"Ivan Aguilar","author_link":"https:\/\/litcult.net.br\/luizalobo\/author\/ivan\/"},"author_meta":{"display_name":"Ivan Aguilar","author_link":"https:\/\/litcult.net.br\/luizalobo\/author\/ivan\/"},"featured_img":"https:\/\/litcult.net.br\/luizalobo\/wp-content\/uploads\/2025\/09\/instagram-17592264449023669368547499624917-300x300.jpg","jetpack_featured_media_url":"https:\/\/litcult.net.br\/luizalobo\/wp-content\/uploads\/2025\/09\/instagram-17592264449023669368547499624917.jpg","uagb_featured_image_src":{"full":["https:\/\/litcult.net.br\/luizalobo\/wp-content\/uploads\/2025\/09\/instagram-17592264449023669368547499624917.jpg",1080,1080,false],"thumbnail":["https:\/\/litcult.net.br\/luizalobo\/wp-content\/uploads\/2025\/09\/instagram-17592264449023669368547499624917-150x150.jpg",150,150,true],"medium":["https:\/\/litcult.net.br\/luizalobo\/wp-content\/uploads\/2025\/09\/instagram-17592264449023669368547499624917-300x300.jpg",300,300,true],"medium_large":["https:\/\/litcult.net.br\/luizalobo\/wp-content\/uploads\/2025\/09\/instagram-17592264449023669368547499624917-768x768.jpg",768,768,true],"large":["https:\/\/litcult.net.br\/luizalobo\/wp-content\/uploads\/2025\/09\/instagram-17592264449023669368547499624917-1024x1024.jpg",1024,1024,true],"1536x1536":["https:\/\/litcult.net.br\/luizalobo\/wp-content\/uploads\/2025\/09\/instagram-17592264449023669368547499624917.jpg",1080,1080,false],"2048x2048":["https:\/\/litcult.net.br\/luizalobo\/wp-content\/uploads\/2025\/09\/instagram-17592264449023669368547499624917.jpg",1080,1080,false],"ultp_layout_landscape_large":["https:\/\/litcult.net.br\/luizalobo\/wp-content\/uploads\/2025\/09\/instagram-17592264449023669368547499624917-1080x800.jpg",1080,800,true],"ultp_layout_landscape":["https:\/\/litcult.net.br\/luizalobo\/wp-content\/uploads\/2025\/09\/instagram-17592264449023669368547499624917-870x570.jpg",870,570,true],"ultp_layout_portrait":["https:\/\/litcult.net.br\/luizalobo\/wp-content\/uploads\/2025\/09\/instagram-17592264449023669368547499624917-600x900.jpg",600,900,true],"ultp_layout_square":["https:\/\/litcult.net.br\/luizalobo\/wp-content\/uploads\/2025\/09\/instagram-17592264449023669368547499624917-600x600.jpg",600,600,true]},"uagb_author_info":{"display_name":"Ivan Aguilar","author_link":"https:\/\/litcult.net.br\/luizalobo\/author\/ivan\/"},"uagb_comment_info":0,"uagb_excerpt":"A Uni\u00e3o Brasileira de Escritores do Rio de Janeiro (UBE-RJ) tem a honra de anunciar o resultado das elei\u00e7\u00f5es realizadas em 29 de setembro. A Chapa Recome\u00e7ando foi a vencedora e conduzir\u00e1 a institui\u00e7\u00e3o no per\u00edodo 2025-2027, sob a presid\u00eancia da escritora, cr\u00edtica liter\u00e1ria e acad\u00eamica Luiza Lobo. Fundada com o prop\u00f3sito de congregar escritores,&hellip;","coauthors":[],"tax_additional":{"categories":{"linked":["<a href=\"https:\/\/litcult.net.br\/luizalobo\/category\/noticias\/\" class=\"advgb-post-tax-term\">Not\u00edcias<\/a>"],"unlinked":["<span class=\"advgb-post-tax-term\">Not\u00edcias<\/span>"]}},"comment_count":"0","relative_dates":{"created":"Publicado 7 meses atr\u00e1s","modified":"Atualizado 7 meses atr\u00e1s"},"absolute_dates":{"created":"Publicado em 30\/09\/2025","modified":"Atualizado em 30\/09\/2025"},"absolute_dates_time":{"created":"Publicado em 30\/09\/2025 16:01","modified":"Atualizado em 30\/09\/2025 21:32"},"featured_img_caption":"","series_order":"","jetpack_sharing_enabled":true,"_links":{"self":[{"href":"https:\/\/litcult.net.br\/luizalobo\/wp-json\/wp\/v2\/posts\/538","targetHints":{"allow":["GET"]}}],"collection":[{"href":"https:\/\/litcult.net.br\/luizalobo\/wp-json\/wp\/v2\/posts"}],"about":[{"href":"https:\/\/litcult.net.br\/luizalobo\/wp-json\/wp\/v2\/types\/post"}],"author":[{"embeddable":true,"href":"https:\/\/litcult.net.br\/luizalobo\/wp-json\/wp\/v2\/users\/2"}],"replies":[{"embeddable":true,"href":"https:\/\/litcult.net.br\/luizalobo\/wp-json\/wp\/v2\/comments?post=538"}],"version-history":[{"count":3,"href":"https:\/\/litcult.net.br\/luizalobo\/wp-json\/wp\/v2\/posts\/538\/revisions"}],"predecessor-version":[{"id":550,"href":"https:\/\/litcult.net.br\/luizalobo\/wp-json\/wp\/v2\/posts\/538\/revisions\/550"}],"wp:featuredmedia":[{"embeddable":true,"href":"https:\/\/litcult.net.br\/luizalobo\/wp-json\/wp\/v2\/media\/539"}],"wp:attachment":[{"href":"https:\/\/litcult.net.br\/luizalobo\/wp-json\/wp\/v2\/media?parent=538"}],"wp:term":[{"taxonomy":"category","embeddable":true,"href":"https:\/\/litcult.net.br\/luizalobo\/wp-json\/wp\/v2\/categories?post=538"},{"taxonomy":"post_tag","embeddable":true,"href":"https:\/\/litcult.net.br\/luizalobo\/wp-json\/wp\/v2\/tags?post=538"}],"curies":[{"name":"wp","href":"https:\/\/api.w.org\/{rel}","templated":true}]}}