{"id":506,"date":"2025-05-26T15:44:14","date_gmt":"2025-05-26T18:44:14","guid":{"rendered":"https:\/\/litcult.net.br\/luizalobo\/?p=506"},"modified":"2025-05-26T15:53:57","modified_gmt":"2025-05-26T18:53:57","slug":"posse-de-luiza-lobo-na-academia-carioca-de-letras","status":"publish","type":"post","link":"https:\/\/litcult.net.br\/luizalobo\/posse-de-luiza-lobo-na-academia-carioca-de-letras\/","title":{"rendered":"Posse de Luiza Lobo na Academia Carioca de Letras"},"content":{"rendered":"\n<div class=\"wp-block-columns are-vertically-aligned-center is-layout-flex wp-container-core-columns-is-layout-9d6595d7 wp-block-columns-is-layout-flex\">\n<div class=\"wp-block-column is-vertically-aligned-center is-layout-flow wp-block-column-is-layout-flow\" style=\"flex-basis:100%\">\n<figure class=\"wp-block-embed is-type-video is-provider-youtube wp-block-embed-youtube wp-embed-aspect-16-9 wp-has-aspect-ratio\"><div class=\"wp-block-embed__wrapper\">\n<div class=\"jetpack-video-wrapper\"><iframe loading=\"lazy\" title=\"Posse da escritora LUIZA LOBO na Academia Carioca de Letras - 21\/05\/2025.\" width=\"1170\" height=\"658\" src=\"https:\/\/www.youtube.com\/embed\/YrNRZuNNY5I?feature=oembed\" frameborder=\"0\" allow=\"accelerometer; autoplay; clipboard-write; encrypted-media; gyroscope; picture-in-picture; web-share\" referrerpolicy=\"strict-origin-when-cross-origin\" allowfullscreen><\/iframe><\/div>\n<\/div><\/figure>\n<\/div>\n<\/div>\n\n\n\n<p>Luiza Lobo toma posse na Academia Carioca de Letras &#8211; ACL &#8211; no dia 21\/05\/2025 &#8211; na vaga 29, do patrono Olavo Bilac e \u00faltimo ocupante Waldir Ribeiro do Val e sob a presid\u00eancia de Sergio Fonta, vice-presid\u00eancia de Adriano Esp\u00ednola e sauda\u00e7\u00e3o de Paulo Roberto Pereira. Participaram do evento os Profs. Alcmeno Bastos, Ana Arruda Callado, Antonio Carlos Secchin, Eduardo Coutinho e Teresa Cristina Meireles de Oliveira.<br><br><br><br><\/p>\n","protected":false},"excerpt":{"rendered":"<p>Luiza Lobo toma posse na Academia Carioca de Letras &#8211; ACL &#8211; no dia 21\/05\/2025 &#8211; na vaga 29, do patrono Olavo Bilac e \u00faltimo ocupante Waldir Ribeiro do Val e sob a presid\u00eancia de Sergio Fonta, vice-presid\u00eancia de Adriano Esp\u00ednola e sauda\u00e7\u00e3o de Paulo Roberto Pereira. Participaram do evento os Profs. Alcmeno Bastos, Ana [&hellip;]<\/p>\n","protected":false},"author":2,"featured_media":507,"comment_status":"open","ping_status":"open","sticky":false,"template":"","format":"standard","meta":{"_uag_custom_page_level_css":"","advgb_blocks_editor_width":"","advgb_blocks_columns_visual_guide":"","_jetpack_memberships_contains_paid_content":false,"footnotes":""},"categories":[1],"tags":[],"class_list":["post-506","post","type-post","status-publish","format-standard","has-post-thumbnail","hentry","category-noticias"],"featured_image_src":"https:\/\/litcult.net.br\/luizalobo\/wp-content\/uploads\/2025\/05\/Captura-de-tela-2025-05-26-153850.png","author_info":{"display_name":"Ivan Aguilar","author_link":"https:\/\/litcult.net.br\/luizalobo\/author\/ivan\/"},"author_meta":{"display_name":"Ivan Aguilar","author_link":"https:\/\/litcult.net.br\/luizalobo\/author\/ivan\/"},"featured_img":"https:\/\/litcult.net.br\/luizalobo\/wp-content\/uploads\/2025\/05\/Captura-de-tela-2025-05-26-153850-300x168.png","jetpack_featured_media_url":"https:\/\/litcult.net.br\/luizalobo\/wp-content\/uploads\/2025\/05\/Captura-de-tela-2025-05-26-153850.png","uagb_featured_image_src":{"full":["https:\/\/litcult.net.br\/luizalobo\/wp-content\/uploads\/2025\/05\/Captura-de-tela-2025-05-26-153850.png",641,360,false],"thumbnail":["https:\/\/litcult.net.br\/luizalobo\/wp-content\/uploads\/2025\/05\/Captura-de-tela-2025-05-26-153850-150x150.png",150,150,true],"medium":["https:\/\/litcult.net.br\/luizalobo\/wp-content\/uploads\/2025\/05\/Captura-de-tela-2025-05-26-153850-300x168.png",300,168,true],"medium_large":["https:\/\/litcult.net.br\/luizalobo\/wp-content\/uploads\/2025\/05\/Captura-de-tela-2025-05-26-153850.png",641,360,false],"large":["https:\/\/litcult.net.br\/luizalobo\/wp-content\/uploads\/2025\/05\/Captura-de-tela-2025-05-26-153850.png",641,360,false],"1536x1536":["https:\/\/litcult.net.br\/luizalobo\/wp-content\/uploads\/2025\/05\/Captura-de-tela-2025-05-26-153850.png",641,360,false],"2048x2048":["https:\/\/litcult.net.br\/luizalobo\/wp-content\/uploads\/2025\/05\/Captura-de-tela-2025-05-26-153850.png",641,360,false],"ultp_layout_landscape_large":["https:\/\/litcult.net.br\/luizalobo\/wp-content\/uploads\/2025\/05\/Captura-de-tela-2025-05-26-153850.png",641,360,false],"ultp_layout_landscape":["https:\/\/litcult.net.br\/luizalobo\/wp-content\/uploads\/2025\/05\/Captura-de-tela-2025-05-26-153850.png",641,360,false],"ultp_layout_portrait":["https:\/\/litcult.net.br\/luizalobo\/wp-content\/uploads\/2025\/05\/Captura-de-tela-2025-05-26-153850-600x360.png",600,360,true],"ultp_layout_square":["https:\/\/litcult.net.br\/luizalobo\/wp-content\/uploads\/2025\/05\/Captura-de-tela-2025-05-26-153850-600x360.png",600,360,true]},"uagb_author_info":{"display_name":"Ivan Aguilar","author_link":"https:\/\/litcult.net.br\/luizalobo\/author\/ivan\/"},"uagb_comment_info":0,"uagb_excerpt":"Luiza Lobo toma posse na Academia Carioca de Letras &#8211; ACL &#8211; no dia 21\/05\/2025 &#8211; na vaga 29, do patrono Olavo Bilac e \u00faltimo ocupante Waldir Ribeiro do Val e sob a presid\u00eancia de Sergio Fonta, vice-presid\u00eancia de Adriano Esp\u00ednola e sauda\u00e7\u00e3o de Paulo Roberto Pereira. Participaram do evento os Profs. Alcmeno Bastos, Ana&hellip;","coauthors":[],"tax_additional":{"categories":{"linked":["<a href=\"https:\/\/litcult.net.br\/luizalobo\/category\/noticias\/\" class=\"advgb-post-tax-term\">Not\u00edcias<\/a>"],"unlinked":["<span class=\"advgb-post-tax-term\">Not\u00edcias<\/span>"]}},"comment_count":"0","relative_dates":{"created":"Publicado 11 meses atr\u00e1s","modified":"Atualizado 11 meses atr\u00e1s"},"absolute_dates":{"created":"Publicado em 26\/05\/2025","modified":"Atualizado em 26\/05\/2025"},"absolute_dates_time":{"created":"Publicado em 26\/05\/2025 15:44","modified":"Atualizado em 26\/05\/2025 15:53"},"featured_img_caption":"","series_order":"","jetpack_sharing_enabled":true,"_links":{"self":[{"href":"https:\/\/litcult.net.br\/luizalobo\/wp-json\/wp\/v2\/posts\/506","targetHints":{"allow":["GET"]}}],"collection":[{"href":"https:\/\/litcult.net.br\/luizalobo\/wp-json\/wp\/v2\/posts"}],"about":[{"href":"https:\/\/litcult.net.br\/luizalobo\/wp-json\/wp\/v2\/types\/post"}],"author":[{"embeddable":true,"href":"https:\/\/litcult.net.br\/luizalobo\/wp-json\/wp\/v2\/users\/2"}],"replies":[{"embeddable":true,"href":"https:\/\/litcult.net.br\/luizalobo\/wp-json\/wp\/v2\/comments?post=506"}],"version-history":[{"count":5,"href":"https:\/\/litcult.net.br\/luizalobo\/wp-json\/wp\/v2\/posts\/506\/revisions"}],"predecessor-version":[{"id":515,"href":"https:\/\/litcult.net.br\/luizalobo\/wp-json\/wp\/v2\/posts\/506\/revisions\/515"}],"wp:featuredmedia":[{"embeddable":true,"href":"https:\/\/litcult.net.br\/luizalobo\/wp-json\/wp\/v2\/media\/507"}],"wp:attachment":[{"href":"https:\/\/litcult.net.br\/luizalobo\/wp-json\/wp\/v2\/media?parent=506"}],"wp:term":[{"taxonomy":"category","embeddable":true,"href":"https:\/\/litcult.net.br\/luizalobo\/wp-json\/wp\/v2\/categories?post=506"},{"taxonomy":"post_tag","embeddable":true,"href":"https:\/\/litcult.net.br\/luizalobo\/wp-json\/wp\/v2\/tags?post=506"}],"curies":[{"name":"wp","href":"https:\/\/api.w.org\/{rel}","templated":true}]}}