{"id":445,"date":"2024-07-21T18:51:50","date_gmt":"2024-07-21T21:51:50","guid":{"rendered":"https:\/\/litcult.net.br\/luizalobo\/?p=445"},"modified":"2024-07-29T22:45:37","modified_gmt":"2024-07-30T01:45:37","slug":"box-sousandrade","status":"publish","type":"post","link":"https:\/\/litcult.net.br\/luizalobo\/box-sousandrade\/","title":{"rendered":"A obra po\u00e9tica de Sous\u00e2ndrade ganha cole\u00e7\u00e3o in\u00e9dita"},"content":{"rendered":"\n<p class=\"has-text-align-center has-x-large-font-size\"><a href=\"https:\/\/www.anticitera.art\/box-sousandrade\/p\"><strong>Compre aqui<\/strong><\/a><\/p>\n\n\n\n<p>A Editora Antic\u00edtera lan\u00e7a uma cole\u00e7\u00e3o in\u00e9dita dedicada \u00e0 obra do renomado poeta maranhense Joaquim de Sousa Andrade, mais conhecido como Sous\u00e2ndrade. Composta por seis volumes, a cole\u00e7\u00e3o apresenta t\u00edtulos que marcaram a literatura brasileira, incluindo&nbsp;<em>O Guesa<\/em>, sua magnum opus, al\u00e9m de&nbsp;<em>Harpas Selvagens<\/em>,&nbsp;<em>Harpas E\u00f3lias<\/em>,&nbsp;<em>Novo \u00c9den<\/em>,&nbsp;<em>Harpa de Ouro<\/em>&nbsp;e&nbsp;<em>Liras Perdidas<\/em>.<\/p>\n\n\n\n<p><\/p>\n\n\n\n<p><strong>Sobre Sous\u00e2ndrade<\/strong><\/p>\n\n\n\n<div style=\"height:40px\" aria-hidden=\"true\" class=\"wp-block-spacer\"><\/div>\n\n\n\n<figure class=\"wp-block-image size-full is-resized\"><img loading=\"lazy\" decoding=\"async\" width=\"541\" height=\"700\" src=\"https:\/\/litcult.net.br\/luizalobo\/wp-content\/uploads\/2024\/07\/image.png\" alt=\"\" class=\"wp-image-458\" style=\"width:184px;height:auto\" srcset=\"https:\/\/litcult.net.br\/luizalobo\/wp-content\/uploads\/2024\/07\/image.png 541w, https:\/\/litcult.net.br\/luizalobo\/wp-content\/uploads\/2024\/07\/image-232x300.png 232w\" sizes=\"auto, (max-width: 541px) 100vw, 541px\" \/><\/figure>\n\n\n\n<div style=\"height:40px\" aria-hidden=\"true\" class=\"wp-block-spacer\"><\/div>\n\n\n\n<p>Sous\u00e2ndrade nasceu em 1832, em Guimar\u00e3es, Maranh\u00e3o, e faleceu 1902, no Rio de Janeiro. Sua trajet\u00f3ria liter\u00e1ria come\u00e7ou ainda jovem, quando foi estudar na Europa. L\u00e1, ele se inspirou no romantismo e em outras correntes liter\u00e1rias, moldando uma poesia inovadora e vanguardista. Seu trabalho \u00e9 conhecido pela complexidade lingu\u00edstica, inova\u00e7\u00e3o formal e cr\u00edtica social, antecipando elementos do modernismo e concretismo.<\/p>\n\n\n\n<p><strong>Detalhes da Cole\u00e7\u00e3o<\/strong><\/p>\n\n\n\n<p>Os seis volumes da cole\u00e7\u00e3o, com capas ilustradas pelo artista maranhense Anderson Bog\u00e9a, oferecem uma imers\u00e3o profunda na mente criativa de Sous\u00e2ndrade, revelando a evolu\u00e7\u00e3o de seu estilo e pensamento ao longo dos anos.<\/p>\n\n\n\n<div style=\"height:40px\" aria-hidden=\"true\" class=\"wp-block-spacer\"><\/div>\n\n\n\n<figure class=\"wp-block-image size-full is-resized\"><img loading=\"lazy\" decoding=\"async\" width=\"750\" height=\"1000\" src=\"https:\/\/litcult.net.br\/luizalobo\/wp-content\/uploads\/2024\/07\/box-sousandrade-663dffd791eff-large.jpeg\" alt=\"\" class=\"wp-image-446\" style=\"width:212px;height:auto\" srcset=\"https:\/\/litcult.net.br\/luizalobo\/wp-content\/uploads\/2024\/07\/box-sousandrade-663dffd791eff-large.jpeg 750w, https:\/\/litcult.net.br\/luizalobo\/wp-content\/uploads\/2024\/07\/box-sousandrade-663dffd791eff-large-225x300.jpeg 225w\" sizes=\"auto, (max-width: 750px) 100vw, 750px\" \/><\/figure>\n\n\n\n<div style=\"height:40px\" aria-hidden=\"true\" class=\"wp-block-spacer\"><\/div>\n\n\n\n<p><strong><em>O Guesa<\/em><\/strong><strong>: Renascimento de uma Obra-Prima<\/strong><\/p>\n\n\n\n<p>Organizado pela renomada especialista Luiza Lobo,&nbsp;<em>O Guesa<\/em>&nbsp;foi reintroduzido ao p\u00fablico em 2023. A nova edi\u00e7\u00e3o, com 600 p\u00e1ginas, segue a publica\u00e7\u00e3o original londrina e inclui uma introdu\u00e7\u00e3o detalhada, notas explicativas e um gloss\u00e1rio, proporcionando uma compreens\u00e3o aprofundada da obra.&nbsp;<em>O Guesa<\/em>&nbsp;\u00e9 um poema \u00e9pico que narra a jornada de um jovem ind\u00edgena pelas Am\u00e9ricas, simbolizando uma cr\u00edtica \u00e0s opress\u00f5es coloniais.<\/p>\n\n\n\n<p>&nbsp;&nbsp;&nbsp;&nbsp;&nbsp;&nbsp;&nbsp;&nbsp;<strong><em>Harpas Selvagens<\/em>: Uma Odisseia Po\u00e9tica<\/strong><\/p>\n\n\n\n<p>Publicado originalmente em 1857,&nbsp;<em>Harpas Selvagens<\/em>&nbsp;captura as transforma\u00e7\u00f5es po\u00e9ticas e sociais do s\u00e9culo XIX no Brasil. Esta edi\u00e7\u00e3o resgata a originalidade criativa de Sous\u00e2ndrade e sua vis\u00e3o avant-garde, que antecipa t\u00e9cnicas modernistas e concretistas. A obra \u00e9 um marco liter\u00e1rio, destacando-se pela cr\u00edtica social e pol\u00edtica vigorosa.<\/p>\n\n\n\n<p><strong><em>Harpas E\u00f3lias<\/em><\/strong><strong>: A Evolu\u00e7\u00e3o Po\u00e9tica<\/strong><\/p>\n\n\n\n<p>Lan\u00e7ado em 1874,&nbsp;<em>Harpas E\u00f3lias<\/em>&nbsp;reafirma Sous\u00e2ndrade como um vision\u00e1rio liter\u00e1rio. Este volume destaca sua capacidade de inovar dentro dos padr\u00f5es po\u00e9ticos de sua \u00e9poca, trazendo uma rica tape\u00e7aria de imagens e sonoridades que desafiam e inspiram.<\/p>\n\n\n\n<p><strong><em>Novo \u00c9den<\/em><\/strong><strong>: A Vis\u00e3o Republicana<\/strong><\/p>\n\n\n\n<p>Publicado em 1893,&nbsp;<em>Novo \u00c9den<\/em>&nbsp;\u00e9 um poema \u00e9pico que simboliza o anseio por um renascimento social e pol\u00edtico. A obra mistura l\u00edrico, \u00e9pico e dram\u00e1tico em uma linguagem simb\u00f3lica que dialoga entre tradi\u00e7\u00e3o e modernidade, refletindo as esperan\u00e7as e desilus\u00f5es de uma na\u00e7\u00e3o em transforma\u00e7\u00e3o.<\/p>\n\n\n\n<p><strong><em>Harpa de Ouro<\/em><\/strong><strong>: A Can\u00e7\u00e3o Republicana<\/strong><\/p>\n\n\n\n<p><em>Harpa de Ouro<\/em>&nbsp;testemunha o fervor republicano de Sous\u00e2ndrade. Publicado com base no trabalho de resgate de Williams e Moraes, o livro entrela\u00e7a louvor \u00e0 Rep\u00fablica com cr\u00edticas \u00e0 sua implementa\u00e7\u00e3o, repleto de refer\u00eancias hist\u00f3ricas e neologismos.<\/p>\n\n\n\n<p><strong><em>Liras Perdidas<\/em><\/strong><strong>: A Ess\u00eancia Po\u00e9tica de Sous\u00e2ndrade<\/strong><\/p>\n\n\n\n<p><em>Liras Perdidas<\/em>&nbsp;abrange textos de 1855 a 1890, resgatados por Jomar Moraes e Frederick G. Williams. Com 46 poemas, o volume mostra a amplitude e profundidade do talento de Sous\u00e2ndrade, refletindo sua evolu\u00e7\u00e3o como artista e pensador.<\/p>\n\n\n\n<p><strong>Convite aos Leitores<\/strong><\/p>\n\n\n\n<p>A Editora Antic\u00edtera convida apaixonados por literatura, estudiosos e interessados na rica tape\u00e7aria cultural e hist\u00f3rica do Brasil a explorar esta cole\u00e7\u00e3o sem precedentes. Adquira seus exemplares e embarque nesta jornada liter\u00e1ria inesquec\u00edvel, celebrando a genialidade de Sous\u00e2ndrade e sua contribui\u00e7\u00e3o inestim\u00e1vel \u00e0 poesia brasileira.<\/p>\n\n\n\n<figure class=\"wp-block-embed is-type-video is-provider-youtube wp-block-embed-youtube wp-embed-aspect-16-9 wp-has-aspect-ratio\"><div class=\"wp-block-embed__wrapper\">\n<div class=\"jetpack-video-wrapper\"><iframe loading=\"lazy\" title=\"lan\u00e7amento box cole\u00e7\u00e3o in\u00e9dita de Sous\u00e2ndrade\" width=\"1170\" height=\"658\" src=\"https:\/\/www.youtube.com\/embed\/FgYirtvDK-U?feature=oembed\" frameborder=\"0\" allow=\"accelerometer; autoplay; clipboard-write; encrypted-media; gyroscope; picture-in-picture; web-share\" referrerpolicy=\"strict-origin-when-cross-origin\" allowfullscreen><\/iframe><\/div>\n<\/div><\/figure>\n","protected":false},"excerpt":{"rendered":"<p>Compre aqui A Editora Antic\u00edtera lan\u00e7a uma cole\u00e7\u00e3o in\u00e9dita dedicada \u00e0 obra do renomado poeta maranhense Joaquim de Sousa Andrade, mais conhecido como Sous\u00e2ndrade. Composta por seis volumes, a cole\u00e7\u00e3o apresenta t\u00edtulos que marcaram a literatura brasileira, incluindo&nbsp;O Guesa, sua magnum opus, al\u00e9m de&nbsp;Harpas Selvagens,&nbsp;Harpas E\u00f3lias,&nbsp;Novo \u00c9den,&nbsp;Harpa de Ouro&nbsp;e&nbsp;Liras Perdidas. Sobre Sous\u00e2ndrade Sous\u00e2ndrade nasceu em [&hellip;]<\/p>\n","protected":false},"author":2,"featured_media":446,"comment_status":"open","ping_status":"open","sticky":false,"template":"","format":"standard","meta":{"_uag_custom_page_level_css":"","advgb_blocks_editor_width":"","advgb_blocks_columns_visual_guide":"","_jetpack_memberships_contains_paid_content":false,"footnotes":""},"categories":[20,11],"tags":[],"class_list":["post-445","post","type-post","status-publish","format-standard","has-post-thumbnail","hentry","category-livros-destaques","category-romance"],"featured_image_src":"https:\/\/litcult.net.br\/luizalobo\/wp-content\/uploads\/2024\/07\/box-sousandrade-663dffd791eff-large.jpeg","author_info":{"display_name":"Ivan Aguilar","author_link":"https:\/\/litcult.net.br\/luizalobo\/author\/ivan\/"},"author_meta":{"display_name":"Ivan Aguilar","author_link":"https:\/\/litcult.net.br\/luizalobo\/author\/ivan\/"},"featured_img":"https:\/\/litcult.net.br\/luizalobo\/wp-content\/uploads\/2024\/07\/box-sousandrade-663dffd791eff-large-225x300.jpeg","jetpack_featured_media_url":"https:\/\/litcult.net.br\/luizalobo\/wp-content\/uploads\/2024\/07\/box-sousandrade-663dffd791eff-large.jpeg","uagb_featured_image_src":{"full":["https:\/\/litcult.net.br\/luizalobo\/wp-content\/uploads\/2024\/07\/box-sousandrade-663dffd791eff-large.jpeg",750,1000,false],"thumbnail":["https:\/\/litcult.net.br\/luizalobo\/wp-content\/uploads\/2024\/07\/box-sousandrade-663dffd791eff-large-150x150.jpeg",150,150,true],"medium":["https:\/\/litcult.net.br\/luizalobo\/wp-content\/uploads\/2024\/07\/box-sousandrade-663dffd791eff-large-225x300.jpeg",225,300,true],"medium_large":["https:\/\/litcult.net.br\/luizalobo\/wp-content\/uploads\/2024\/07\/box-sousandrade-663dffd791eff-large.jpeg",750,1000,false],"large":["https:\/\/litcult.net.br\/luizalobo\/wp-content\/uploads\/2024\/07\/box-sousandrade-663dffd791eff-large.jpeg",750,1000,false],"1536x1536":["https:\/\/litcult.net.br\/luizalobo\/wp-content\/uploads\/2024\/07\/box-sousandrade-663dffd791eff-large.jpeg",750,1000,false],"2048x2048":["https:\/\/litcult.net.br\/luizalobo\/wp-content\/uploads\/2024\/07\/box-sousandrade-663dffd791eff-large.jpeg",750,1000,false],"ultp_layout_landscape_large":["https:\/\/litcult.net.br\/luizalobo\/wp-content\/uploads\/2024\/07\/box-sousandrade-663dffd791eff-large-750x800.jpeg",750,800,true],"ultp_layout_landscape":["https:\/\/litcult.net.br\/luizalobo\/wp-content\/uploads\/2024\/07\/box-sousandrade-663dffd791eff-large-750x570.jpeg",750,570,true],"ultp_layout_portrait":["https:\/\/litcult.net.br\/luizalobo\/wp-content\/uploads\/2024\/07\/box-sousandrade-663dffd791eff-large-600x900.jpeg",600,900,true],"ultp_layout_square":["https:\/\/litcult.net.br\/luizalobo\/wp-content\/uploads\/2024\/07\/box-sousandrade-663dffd791eff-large-600x600.jpeg",600,600,true]},"uagb_author_info":{"display_name":"Ivan Aguilar","author_link":"https:\/\/litcult.net.br\/luizalobo\/author\/ivan\/"},"uagb_comment_info":1,"uagb_excerpt":"Compre aqui A Editora Antic\u00edtera lan\u00e7a uma cole\u00e7\u00e3o in\u00e9dita dedicada \u00e0 obra do renomado poeta maranhense Joaquim de Sousa Andrade, mais conhecido como Sous\u00e2ndrade. Composta por seis volumes, a cole\u00e7\u00e3o apresenta t\u00edtulos que marcaram a literatura brasileira, incluindo&nbsp;O Guesa, sua magnum opus, al\u00e9m de&nbsp;Harpas Selvagens,&nbsp;Harpas E\u00f3lias,&nbsp;Novo \u00c9den,&nbsp;Harpa de Ouro&nbsp;e&nbsp;Liras Perdidas. Sobre Sous\u00e2ndrade Sous\u00e2ndrade nasceu em&hellip;","coauthors":[],"tax_additional":{"categories":{"linked":["<a href=\"https:\/\/litcult.net.br\/luizalobo\/category\/livros\/livros-destaques\/\" class=\"advgb-post-tax-term\">Livros Destaques<\/a>","<a href=\"https:\/\/litcult.net.br\/luizalobo\/category\/livros\/romance\/\" class=\"advgb-post-tax-term\">ROMANCE<\/a>"],"unlinked":["<span class=\"advgb-post-tax-term\">Livros Destaques<\/span>","<span class=\"advgb-post-tax-term\">ROMANCE<\/span>"]}},"comment_count":"0","relative_dates":{"created":"Publicado 2 anos atr\u00e1s","modified":"Atualizado 2 anos atr\u00e1s"},"absolute_dates":{"created":"Publicado em 21\/07\/2024","modified":"Atualizado em 29\/07\/2024"},"absolute_dates_time":{"created":"Publicado em 21\/07\/2024 18:51","modified":"Atualizado em 29\/07\/2024 22:45"},"featured_img_caption":"","series_order":"","jetpack_sharing_enabled":true,"_links":{"self":[{"href":"https:\/\/litcult.net.br\/luizalobo\/wp-json\/wp\/v2\/posts\/445","targetHints":{"allow":["GET"]}}],"collection":[{"href":"https:\/\/litcult.net.br\/luizalobo\/wp-json\/wp\/v2\/posts"}],"about":[{"href":"https:\/\/litcult.net.br\/luizalobo\/wp-json\/wp\/v2\/types\/post"}],"author":[{"embeddable":true,"href":"https:\/\/litcult.net.br\/luizalobo\/wp-json\/wp\/v2\/users\/2"}],"replies":[{"embeddable":true,"href":"https:\/\/litcult.net.br\/luizalobo\/wp-json\/wp\/v2\/comments?post=445"}],"version-history":[{"count":13,"href":"https:\/\/litcult.net.br\/luizalobo\/wp-json\/wp\/v2\/posts\/445\/revisions"}],"predecessor-version":[{"id":466,"href":"https:\/\/litcult.net.br\/luizalobo\/wp-json\/wp\/v2\/posts\/445\/revisions\/466"}],"wp:featuredmedia":[{"embeddable":true,"href":"https:\/\/litcult.net.br\/luizalobo\/wp-json\/wp\/v2\/media\/446"}],"wp:attachment":[{"href":"https:\/\/litcult.net.br\/luizalobo\/wp-json\/wp\/v2\/media?parent=445"}],"wp:term":[{"taxonomy":"category","embeddable":true,"href":"https:\/\/litcult.net.br\/luizalobo\/wp-json\/wp\/v2\/categories?post=445"},{"taxonomy":"post_tag","embeddable":true,"href":"https:\/\/litcult.net.br\/luizalobo\/wp-json\/wp\/v2\/tags?post=445"}],"curies":[{"name":"wp","href":"https:\/\/api.w.org\/{rel}","templated":true}]}}