{"id":364,"date":"2022-09-18T09:47:12","date_gmt":"2022-09-18T12:47:12","guid":{"rendered":"https:\/\/litcult.net.br\/luizalobo\/?p=364"},"modified":"2022-09-18T09:53:34","modified_gmt":"2022-09-18T12:53:34","slug":"os-romances-historicos-de-luiza-lobo","status":"publish","type":"post","link":"https:\/\/litcult.net.br\/luizalobo\/os-romances-historicos-de-luiza-lobo\/","title":{"rendered":"Os romances hist\u00f3ricos de Luiza Lobo"},"content":{"rendered":"\n<figure class=\"wp-block-gallery has-nested-images columns-default is-cropped wp-block-gallery-1 is-layout-flex wp-block-gallery-is-layout-flex\">\n<figure class=\"wp-block-image size-large\"><img loading=\"lazy\" decoding=\"async\" width=\"966\" height=\"1288\" data-id=\"365\" src=\"https:\/\/litcult.net.br\/luizalobo\/wp-content\/uploads\/2022\/09\/WhatsApp-Image-2022-09-17-at-18.44.00.jpeg\" alt=\"\" class=\"wp-image-365\" srcset=\"https:\/\/litcult.net.br\/luizalobo\/wp-content\/uploads\/2022\/09\/WhatsApp-Image-2022-09-17-at-18.44.00.jpeg 966w, https:\/\/litcult.net.br\/luizalobo\/wp-content\/uploads\/2022\/09\/WhatsApp-Image-2022-09-17-at-18.44.00-225x300.jpeg 225w, https:\/\/litcult.net.br\/luizalobo\/wp-content\/uploads\/2022\/09\/WhatsApp-Image-2022-09-17-at-18.44.00-768x1024.jpeg 768w\" sizes=\"auto, (max-width: 966px) 100vw, 966px\" \/><\/figure>\n\n\n\n<figure class=\"wp-block-image size-large\"><img loading=\"lazy\" decoding=\"async\" width=\"727\" height=\"1167\" data-id=\"357\" src=\"https:\/\/litcult.net.br\/luizalobo\/wp-content\/uploads\/2022\/08\/WhatsApp-Image-2022-08-29-at-17.09.24.jpeg\" alt=\"\" class=\"wp-image-357\" srcset=\"https:\/\/litcult.net.br\/luizalobo\/wp-content\/uploads\/2022\/08\/WhatsApp-Image-2022-08-29-at-17.09.24.jpeg 727w, https:\/\/litcult.net.br\/luizalobo\/wp-content\/uploads\/2022\/08\/WhatsApp-Image-2022-08-29-at-17.09.24-187x300.jpeg 187w, https:\/\/litcult.net.br\/luizalobo\/wp-content\/uploads\/2022\/08\/WhatsApp-Image-2022-08-29-at-17.09.24-638x1024.jpeg 638w\" sizes=\"auto, (max-width: 727px) 100vw, 727px\" \/><\/figure>\n<\/figure>\n\n\n\n<div class=\"wp-block-media-text alignwide is-stacked-on-mobile\"><figure class=\"wp-block-media-text__media\"><img loading=\"lazy\" decoding=\"async\" width=\"400\" height=\"595\" src=\"https:\/\/litcult.net.br\/luizalobo\/wp-content\/uploads\/2022\/08\/terras-proibidas.webp\" alt=\"\" class=\"wp-image-325 size-full\" srcset=\"https:\/\/litcult.net.br\/luizalobo\/wp-content\/uploads\/2022\/08\/terras-proibidas.webp 400w, https:\/\/litcult.net.br\/luizalobo\/wp-content\/uploads\/2022\/08\/terras-proibidas-202x300.webp 202w\" sizes=\"auto, (max-width: 400px) 100vw, 400px\" \/><\/figure><div class=\"wp-block-media-text__content\">\n<p>Detalhes<\/p>\n\n\n\n<figure class=\"wp-block-table\"><table><tbody><tr><td>Dimens\u00f5es<\/td><td>23 x 16 x 2.3<\/td><\/tr><tr><td>Idioma<\/td><td>Portugu\u00eas<\/td><\/tr><tr><td>N\u00famero de p\u00e1ginas<\/td><td>496<\/td><\/tr><tr><td>N\u00famero da edi\u00e7\u00e3o<\/td><td>2\u00aa EDI\u00c7\u00c3O \u2013 2022<\/td><\/tr><tr><td>Acabamento<\/td><td>BROCHURA<\/td><\/tr><tr><td>Editora<\/td><td>BATEL<\/td><\/tr><tr><td>Subt\u00edtulo<\/td><td>O VALE DO CAF\u00c9<\/td><\/tr><tr><td>Autor para link<\/td><td>LOBO LUIZA<\/td><\/tr><\/tbody><\/table><\/figure>\n<\/div><\/div>\n\n\n\n<div class=\"wp-block-media-text alignwide is-stacked-on-mobile\"><figure class=\"wp-block-media-text__media\"><img loading=\"lazy\" decoding=\"async\" width=\"500\" height=\"750\" src=\"https:\/\/litcult.net.br\/luizalobo\/wp-content\/uploads\/2022\/04\/fabrica-de-mentiras-luiza-lobo-7letras.png\" alt=\"\" class=\"wp-image-250 size-full\" srcset=\"https:\/\/litcult.net.br\/luizalobo\/wp-content\/uploads\/2022\/04\/fabrica-de-mentiras-luiza-lobo-7letras.png 500w, https:\/\/litcult.net.br\/luizalobo\/wp-content\/uploads\/2022\/04\/fabrica-de-mentiras-luiza-lobo-7letras-200x300.png 200w\" sizes=\"auto, (max-width: 500px) 100vw, 500px\" \/><\/figure><div class=\"wp-block-media-text__content\">\n<p>N\u00daMERO DE P\u00c1GINAS \u2013 528<\/p>\n\n\n\n<p>ANO \u2013 2022<\/p>\n\n\n\n<p>FORMATO \u2013 15,5x23cm<\/p>\n\n\n\n<p>EDI\u00c7\u00c3O \u2013 1\u00aa edi\u00e7\u00e3o<\/p>\n\n\n\n<p>SELO \u2013&nbsp; 7Letras<\/p>\n<\/div><\/div>\n","protected":false},"excerpt":{"rendered":"<p>Detalhes Dimens\u00f5es 23 x 16 x 2.3 Idioma Portugu\u00eas N\u00famero de p\u00e1ginas 496 N\u00famero da edi\u00e7\u00e3o 2\u00aa EDI\u00c7\u00c3O \u2013 2022 Acabamento BROCHURA Editora BATEL Subt\u00edtulo O VALE DO CAF\u00c9 Autor para link LOBO LUIZA N\u00daMERO DE P\u00c1GINAS \u2013 528 ANO \u2013 2022 FORMATO \u2013 15,5x23cm EDI\u00c7\u00c3O \u2013 1\u00aa edi\u00e7\u00e3o SELO \u2013&nbsp; 7Letras<\/p>\n","protected":false},"author":2,"featured_media":365,"comment_status":"open","ping_status":"open","sticky":false,"template":"","format":"standard","meta":{"_uag_custom_page_level_css":"","advgb_blocks_editor_width":"","advgb_blocks_columns_visual_guide":"","_jetpack_memberships_contains_paid_content":false,"footnotes":""},"categories":[1],"tags":[],"class_list":["post-364","post","type-post","status-publish","format-standard","has-post-thumbnail","hentry","category-noticias"],"featured_image_src":"https:\/\/litcult.net.br\/luizalobo\/wp-content\/uploads\/2022\/09\/WhatsApp-Image-2022-09-17-at-18.44.00.jpeg","author_info":{"display_name":"Ivan Aguilar","author_link":"https:\/\/litcult.net.br\/luizalobo\/author\/ivan\/"},"author_meta":{"display_name":"Ivan Aguilar","author_link":"https:\/\/litcult.net.br\/luizalobo\/author\/ivan\/"},"featured_img":"https:\/\/litcult.net.br\/luizalobo\/wp-content\/uploads\/2022\/09\/WhatsApp-Image-2022-09-17-at-18.44.00-225x300.jpeg","jetpack_featured_media_url":"https:\/\/litcult.net.br\/luizalobo\/wp-content\/uploads\/2022\/09\/WhatsApp-Image-2022-09-17-at-18.44.00.jpeg","uagb_featured_image_src":{"full":["https:\/\/litcult.net.br\/luizalobo\/wp-content\/uploads\/2022\/09\/WhatsApp-Image-2022-09-17-at-18.44.00.jpeg",966,1288,false],"thumbnail":["https:\/\/litcult.net.br\/luizalobo\/wp-content\/uploads\/2022\/09\/WhatsApp-Image-2022-09-17-at-18.44.00-150x150.jpeg",150,150,true],"medium":["https:\/\/litcult.net.br\/luizalobo\/wp-content\/uploads\/2022\/09\/WhatsApp-Image-2022-09-17-at-18.44.00-225x300.jpeg",225,300,true],"medium_large":["https:\/\/litcult.net.br\/luizalobo\/wp-content\/uploads\/2022\/09\/WhatsApp-Image-2022-09-17-at-18.44.00-768x1024.jpeg",768,1024,true],"large":["https:\/\/litcult.net.br\/luizalobo\/wp-content\/uploads\/2022\/09\/WhatsApp-Image-2022-09-17-at-18.44.00-768x1024.jpeg",768,1024,true],"1536x1536":["https:\/\/litcult.net.br\/luizalobo\/wp-content\/uploads\/2022\/09\/WhatsApp-Image-2022-09-17-at-18.44.00.jpeg",966,1288,false],"2048x2048":["https:\/\/litcult.net.br\/luizalobo\/wp-content\/uploads\/2022\/09\/WhatsApp-Image-2022-09-17-at-18.44.00.jpeg",966,1288,false],"ultp_layout_landscape_large":["https:\/\/litcult.net.br\/luizalobo\/wp-content\/uploads\/2022\/09\/WhatsApp-Image-2022-09-17-at-18.44.00-966x800.jpeg",966,800,true],"ultp_layout_landscape":["https:\/\/litcult.net.br\/luizalobo\/wp-content\/uploads\/2022\/09\/WhatsApp-Image-2022-09-17-at-18.44.00-870x570.jpeg",870,570,true],"ultp_layout_portrait":["https:\/\/litcult.net.br\/luizalobo\/wp-content\/uploads\/2022\/09\/WhatsApp-Image-2022-09-17-at-18.44.00-600x900.jpeg",600,900,true],"ultp_layout_square":["https:\/\/litcult.net.br\/luizalobo\/wp-content\/uploads\/2022\/09\/WhatsApp-Image-2022-09-17-at-18.44.00-600x600.jpeg",600,600,true]},"uagb_author_info":{"display_name":"Ivan Aguilar","author_link":"https:\/\/litcult.net.br\/luizalobo\/author\/ivan\/"},"uagb_comment_info":0,"uagb_excerpt":"Detalhes Dimens\u00f5es 23 x 16 x 2.3 Idioma Portugu\u00eas N\u00famero de p\u00e1ginas 496 N\u00famero da edi\u00e7\u00e3o 2\u00aa EDI\u00c7\u00c3O \u2013 2022 Acabamento BROCHURA Editora BATEL Subt\u00edtulo O VALE DO CAF\u00c9 Autor para link LOBO LUIZA N\u00daMERO DE P\u00c1GINAS \u2013 528 ANO \u2013 2022 FORMATO \u2013 15,5x23cm EDI\u00c7\u00c3O \u2013 1\u00aa edi\u00e7\u00e3o SELO \u2013&nbsp; 7Letras","coauthors":[],"tax_additional":{"categories":{"linked":["<a href=\"https:\/\/litcult.net.br\/luizalobo\/category\/noticias\/\" class=\"advgb-post-tax-term\">Not\u00edcias<\/a>"],"unlinked":["<span class=\"advgb-post-tax-term\">Not\u00edcias<\/span>"]}},"comment_count":"0","relative_dates":{"created":"Publicado 4 anos atr\u00e1s","modified":"Atualizado 4 anos atr\u00e1s"},"absolute_dates":{"created":"Publicado em 18\/09\/2022","modified":"Atualizado em 18\/09\/2022"},"absolute_dates_time":{"created":"Publicado em 18\/09\/2022 09:47","modified":"Atualizado em 18\/09\/2022 09:53"},"featured_img_caption":"","series_order":"","jetpack_sharing_enabled":true,"_links":{"self":[{"href":"https:\/\/litcult.net.br\/luizalobo\/wp-json\/wp\/v2\/posts\/364","targetHints":{"allow":["GET"]}}],"collection":[{"href":"https:\/\/litcult.net.br\/luizalobo\/wp-json\/wp\/v2\/posts"}],"about":[{"href":"https:\/\/litcult.net.br\/luizalobo\/wp-json\/wp\/v2\/types\/post"}],"author":[{"embeddable":true,"href":"https:\/\/litcult.net.br\/luizalobo\/wp-json\/wp\/v2\/users\/2"}],"replies":[{"embeddable":true,"href":"https:\/\/litcult.net.br\/luizalobo\/wp-json\/wp\/v2\/comments?post=364"}],"version-history":[{"count":2,"href":"https:\/\/litcult.net.br\/luizalobo\/wp-json\/wp\/v2\/posts\/364\/revisions"}],"predecessor-version":[{"id":372,"href":"https:\/\/litcult.net.br\/luizalobo\/wp-json\/wp\/v2\/posts\/364\/revisions\/372"}],"wp:featuredmedia":[{"embeddable":true,"href":"https:\/\/litcult.net.br\/luizalobo\/wp-json\/wp\/v2\/media\/365"}],"wp:attachment":[{"href":"https:\/\/litcult.net.br\/luizalobo\/wp-json\/wp\/v2\/media?parent=364"}],"wp:term":[{"taxonomy":"category","embeddable":true,"href":"https:\/\/litcult.net.br\/luizalobo\/wp-json\/wp\/v2\/categories?post=364"},{"taxonomy":"post_tag","embeddable":true,"href":"https:\/\/litcult.net.br\/luizalobo\/wp-json\/wp\/v2\/tags?post=364"}],"curies":[{"name":"wp","href":"https:\/\/api.w.org\/{rel}","templated":true}]}}